{"id":572,"date":"2023-12-08T01:11:00","date_gmt":"2023-12-08T00:11:00","guid":{"rendered":"https:\/\/www.somicmf.org\/cop-28-actualizacion-8\/"},"modified":"2023-12-08T01:11:00","modified_gmt":"2023-12-08T00:11:00","slug":"cop-28-actualizacion-8","status":"publish","type":"post","link":"https:\/\/www.somicmf.org\/es\/cop-28-actualizacion-8\/","title":{"rendered":"COP 28 &#8211; Actualizaci\u00f3n 8"},"content":{"rendered":"<p class=\"has-text-color has-link-color has-medium-font-size\" style=\"color:#141fe0\"><strong>Mise \u00e0 jour 8 : 8 d\u00e9cembre<\/strong><\/p>\n<p class=\"has-text-color has-link-color has-large-font-size\" style=\"color:#0b7cbd\"><strong>COP28: Action after a rest day: Youth, Children, Education and Skills<\/strong><\/p>\n<p class=\"has-text-color has-link-color has-medium-font-size\" style=\"color:#0b7cbd\"><strong>Fr. Rohan Dominic reporting from the conference venue in the Expo City, Dubai<\/strong><\/p>\n<div class=\"wp-block-file has-background\" style=\"background-color:#dde9fd\"><object class=\"wp-block-file__embed\" data=\"https:\/\/www.somicmf.org\/storage\/2023\/12\/Update-8-December-8-1.pdf\" type=\"application\/pdf\" style=\"width:100%;height:200px\" aria-label=\"&lt;strong&lt;encoded_tag_closed \/&gt;Update 8 - December 8&lt;wpml_invalid_tag original=\" pc9zdhjvbmcmz3q7ij4=\"  \/&gt;&lt;wpml_invalid_tag original=\" pc9vymply3q=\"\"><\/object><a id=\"wp-block-file--media-4060a613-962d-496f-b942-c48d32bae0e5\" href=\"https:\/\/www.somicmf.org\/storage\/2023\/12\/Update-8-December-8-1.pdf\"><strong>Update 8 &#8211; December 8<\/strong><\/a><a href=\"https:\/\/www.somicmf.org\/storage\/2023\/12\/Update-8-December-8-1.pdf\" class=\"wp-block-file__button wp-element-button\" download=\"\" aria-describedby=\"wp-block-file--media-4060a613-962d-496f-b942-c48d32bae0e5\">Download<\/a><\/div>\n<\/p>\n<p class=\"has-text-color has-link-color has-medium-font-size\" style=\"color:#9c0d0d\"><strong>Actualizaci\u00f3n 8: 8 de diciembre<\/strong><\/p>\n<p class=\"has-text-color has-link-color has-large-font-size\" style=\"color:#eb194d\"><strong>COP28: Acci\u00f3n tras un d\u00eda de descanso: Juventud, Infancia, Educaci\u00f3n y Competencias<\/strong><\/p>\n<p class=\"has-text-color has-link-color has-medium-font-size\" style=\"color:#eb194d\"><strong>Fr. Rohan Dominic informando desde la sede de la conferencia en la Expo City, Dubai<\/strong><\/p>\n<p class=\"has-text-color has-link-color\" style=\"color:#eb194d\">\n<div class=\"wp-block-file has-background\" style=\"background-color:#ffeaf5\"><object class=\"wp-block-file__embed\" data=\"https:\/\/www.somicmf.org\/storage\/2023\/12\/Actualizacion-8-8-de-diciembre-1.pdf\" type=\"application\/pdf\" style=\"width:100%;height:200px\" aria-label=\"&lt;strong&lt;encoded_tag_closed \/&gt;Actualizacio\u0301n 8 - 8 de diciembre)&lt;wpml_invalid_tag original=\" pc9zdhjvbmcmz3q7ij4=\"  \/&gt;&lt;wpml_invalid_tag original=\" pc9vymply3q=\"\"><\/object><a id=\"wp-block-file--media-7996dc9c-fe06-45ca-8037-7d55316ea206\" href=\"https:\/\/www.somicmf.org\/storage\/2023\/12\/Actualizacion-8-8-de-diciembre-1.pdf\"><strong>Actualizacio\u0301n 8 &#8211; 8 de diciembre)<\/strong><\/a><a href=\"https:\/\/www.somicmf.org\/storage\/2023\/12\/Actualizacion-8-8-de-diciembre-1.pdf\" class=\"wp-block-file__button wp-element-button\" download=\"\" aria-describedby=\"wp-block-file--media-7996dc9c-fe06-45ca-8037-7d55316ea206\">Download<\/a><\/div>\n<\/p>\n<p class=\"has-text-color has-link-color has-medium-font-size\" style=\"color:#2a6d04\"><strong>Mise \u00e0 jour 8 : 8 d\u00e9cembre<\/strong><\/p>\n<p class=\"has-text-color has-link-color has-large-font-size\" style=\"color:#0d8056\"><strong>COP28 : Action apr\u00e8s une journ\u00e9e de repos : La jeunesse, les enfants, l&#8217;\u00e9ducation et les comp\u00e9tences<\/strong><\/p>\n<p class=\"has-text-color has-link-color has-medium-font-size\" style=\"color:#0d8056\"><strong>Reportage du p\u00e8re Rohan Dominic depuis le lieu de la conf\u00e9rence \u00e0 l&#8217;Expo City de Duba\u00ef.<\/strong><\/p><\/p>\n","protected":false},"excerpt":{"rendered":"<p>Mise \u00e0 jour 8 : 8 d\u00e9cembre COP28: Action after a rest day: Youth, Children, Education and Skills Fr. Rohan Dominic reporting from the conference venue in the Expo City, Dubai Update 8 &#8211; December 8Download Actualizaci\u00f3n 8: 8 de diciembre COP28: Acci\u00f3n tras un d\u00eda de descanso: Juventud, Infancia, Educaci\u00f3n y Competencias Fr. Rohan [&hellip;]<\/p>\n","protected":false},"author":7,"featured_media":384,"comment_status":"open","ping_status":"open","sticky":false,"template":"","format":"standard","meta":{"footnotes":""},"categories":[81,72,80,79],"tags":[],"class_list":["post-572","post","type-post","status-publish","format-standard","has-post-thumbnail","hentry","category-claretianos-en-la-onu","category-cop-es","category-cop-28-es-2","category-cuidado-de-la-creacion"],"_links":{"self":[{"href":"https:\/\/www.somicmf.org\/es\/wp-json\/wp\/v2\/posts\/572","targetHints":{"allow":["GET"]}}],"collection":[{"href":"https:\/\/www.somicmf.org\/es\/wp-json\/wp\/v2\/posts"}],"about":[{"href":"https:\/\/www.somicmf.org\/es\/wp-json\/wp\/v2\/types\/post"}],"author":[{"embeddable":true,"href":"https:\/\/www.somicmf.org\/es\/wp-json\/wp\/v2\/users\/7"}],"replies":[{"embeddable":true,"href":"https:\/\/www.somicmf.org\/es\/wp-json\/wp\/v2\/comments?post=572"}],"version-history":[{"count":0,"href":"https:\/\/www.somicmf.org\/es\/wp-json\/wp\/v2\/posts\/572\/revisions"}],"wp:featuredmedia":[{"embeddable":true,"href":"https:\/\/www.somicmf.org\/es\/wp-json\/wp\/v2\/media\/384"}],"wp:attachment":[{"href":"https:\/\/www.somicmf.org\/es\/wp-json\/wp\/v2\/media?parent=572"}],"wp:term":[{"taxonomy":"category","embeddable":true,"href":"https:\/\/www.somicmf.org\/es\/wp-json\/wp\/v2\/categories?post=572"},{"taxonomy":"post_tag","embeddable":true,"href":"https:\/\/www.somicmf.org\/es\/wp-json\/wp\/v2\/tags?post=572"}],"curies":[{"name":"wp","href":"https:\/\/api.w.org\/{rel}","templated":true}]}}