{"id":1650,"date":"2024-07-31T20:30:35","date_gmt":"2024-07-31T18:30:35","guid":{"rendered":"https:\/\/www.somicmf.org\/jornada-internacional-de-los-pueblos-indigenas-2024international-day-of-indigenous-peoples-2024\/"},"modified":"2025-06-27T18:35:17","modified_gmt":"2025-06-27T16:35:17","slug":"jornada-internacional-de-los-pueblos-indigenas-2024international-day-of-indigenous-peoples-2024","status":"publish","type":"post","link":"https:\/\/www.somicmf.org\/es\/jornada-internacional-de-los-pueblos-indigenas-2024international-day-of-indigenous-peoples-2024\/","title":{"rendered":"JORNADA INTERNACIONAL DE LOS PUEBLOS INDIGENAS 2024INTERNATIONAL DAY OF INDIGENOUS PEOPLES 2024"},"content":{"rendered":"\n<p>El 9 de agosto se conmemora el D\u00eda Internacional de los Pueblos Ind\u00edgenas, que busca promover la inclusi\u00f3n, la igualdad y el respeto hacia estas comunidades. Hoy d\u00eda hay m\u00e1s de 476 millones de personas ind\u00edgenas en aproximadamente 90 pa\u00edses del mundo, que representa apenas al 5% de la poblaci\u00f3n mundial, y la mayor\u00eda se encuentran en situaci\u00f3n de alta vulnerabilidad. <br \/><br \/> <\/p>\n\n<p>En esta ocasi\u00f3n la oraci\u00f3n ha sido preparada por el equipo JPIC de Seglares Claretianos para toda la familia claretiana. Hagamos que esta jornada sea un momento de oraci\u00f3n y reflexi\u00f3n para nuestras comunidades. Un abrazo fraterno  <\/p>\n","protected":false},"excerpt":{"rendered":"<p>El 9 de agosto se conmemora el D\u00eda Internacional de los Pueblos Ind\u00edgenas, que busca promover la inclusi\u00f3n, la igualdad y el respeto hacia estas comunidades. Hoy d\u00eda hay m\u00e1s de 476 millones de personas ind\u00edgenas en aproximadamente 90 pa\u00edses del mundo, que representa apenas al 5% de la poblaci\u00f3n mundial, y la mayor\u00eda se [&hellip;]<\/p>\n","protected":false},"author":8,"featured_media":1644,"comment_status":"open","ping_status":"open","sticky":false,"template":"","format":"standard","meta":{"footnotes":""},"categories":[4],"tags":[],"class_list":["post-1650","post","type-post","status-publish","format-standard","has-post-thumbnail","hentry","category-jpic-es"],"_links":{"self":[{"href":"https:\/\/www.somicmf.org\/es\/wp-json\/wp\/v2\/posts\/1650","targetHints":{"allow":["GET"]}}],"collection":[{"href":"https:\/\/www.somicmf.org\/es\/wp-json\/wp\/v2\/posts"}],"about":[{"href":"https:\/\/www.somicmf.org\/es\/wp-json\/wp\/v2\/types\/post"}],"author":[{"embeddable":true,"href":"https:\/\/www.somicmf.org\/es\/wp-json\/wp\/v2\/users\/8"}],"replies":[{"embeddable":true,"href":"https:\/\/www.somicmf.org\/es\/wp-json\/wp\/v2\/comments?post=1650"}],"version-history":[{"count":7,"href":"https:\/\/www.somicmf.org\/es\/wp-json\/wp\/v2\/posts\/1650\/revisions"}],"predecessor-version":[{"id":1658,"href":"https:\/\/www.somicmf.org\/es\/wp-json\/wp\/v2\/posts\/1650\/revisions\/1658"}],"wp:featuredmedia":[{"embeddable":true,"href":"https:\/\/www.somicmf.org\/es\/wp-json\/wp\/v2\/media\/1644"}],"wp:attachment":[{"href":"https:\/\/www.somicmf.org\/es\/wp-json\/wp\/v2\/media?parent=1650"}],"wp:term":[{"taxonomy":"category","embeddable":true,"href":"https:\/\/www.somicmf.org\/es\/wp-json\/wp\/v2\/categories?post=1650"},{"taxonomy":"post_tag","embeddable":true,"href":"https:\/\/www.somicmf.org\/es\/wp-json\/wp\/v2\/tags?post=1650"}],"curies":[{"name":"wp","href":"https:\/\/api.w.org\/{rel}","templated":true}]}}